{"id":688,"date":"2022-07-14T17:50:05","date_gmt":"2022-07-14T17:50:05","guid":{"rendered":"http:\/\/clubrotariocamposeliseos.org.mx\/?p=688"},"modified":"2022-07-14T17:50:06","modified_gmt":"2022-07-14T17:50:06","slug":"invitacion-a-la-conferencia-noruega-arte-y-cultura","status":"publish","type":"post","link":"https:\/\/clubrotariocamposeliseos.org.mx\/index.php\/2022\/07\/invitacion-a-la-conferencia-noruega-arte-y-cultura\/","title":{"rendered":"Invitaci\u00f3n a la conferencia: \u201cNoruega: Arte y Cultura\u201d\u00a0\u00a0\u00a0"},"content":{"rendered":"\n<p><strong>El Club Rotario Campos El\u00edseos<\/strong>&nbsp;junto con la&nbsp;<strong>Galer\u00eda Arte Contempor\u00e1neo SMA<\/strong>, tienen al agrado de invitar a usted(es) a la conferencia:&nbsp;&nbsp;&nbsp;<\/p>\n\n\n\n<p><strong><em>\u201cNoruega: Arte y Cultura\u201d<\/em><\/strong>&nbsp;&nbsp;&nbsp;<\/p>\n\n\n\n<p><strong>Dictada por:&nbsp;&nbsp;<\/strong>&nbsp;<\/p>\n\n\n\n<p><strong>Huemanzin Rodr\u00edguez<\/strong>&nbsp;<\/p>\n\n\n\n<p><strong><u>(DESDE NORUEGA)<\/u><\/strong><\/p>\n\n\n\n<p>Jueves 14 de julio de 2022&nbsp;<\/p>\n\n\n\n<p>14:30 hs&nbsp;<\/p>\n\n\n\n<figure class=\"wp-block-embed is-type-video is-provider-youtube wp-block-embed-youtube wp-embed-aspect-16-9 wp-has-aspect-ratio\"><div class=\"wp-block-embed__wrapper\">\n<iframe loading=\"lazy\" title=\"1. Invitaci\u00f3n a la conferencia: \u201cNoruega: Arte y Cultura\u201d\" width=\"500\" height=\"281\" src=\"https:\/\/www.youtube.com\/embed\/uBpwGUjPur4?feature=oembed&#038;wmode=transparent\" frameborder=\"0\" allow=\"accelerometer; autoplay; clipboard-write; encrypted-media; gyroscope; picture-in-picture; web-share\" referrerpolicy=\"strict-origin-when-cross-origin\" allowfullscreen><\/iframe>\n<\/div><\/figure>\n\n\n\n<p>ZOOM&nbsp;<\/p>\n\n\n\n<p>ID de Reuni\u00f3n: 893 1555 9534&nbsp;<\/p>\n\n\n\n<p>Contrase\u00f1a: 469173&nbsp;<\/p>\n\n\n\n<p><a href=\"https:\/\/us06web.zoom.us\/j\/89315559534?pwd=SjMyTmRiMFA3VGFUY05SaThId0x4Zz09\">https:\/\/us06web.zoom.us\/j\/89315559534?pwd=SjMyTmRiMFA3VGFUY05SaThId0x4Zz09<\/a><\/p>\n\n\n\n<p>REFERENCIAS ELECTR\u00d3NICAS AL TRABAJO DE HUEMANZIN RODR\u00cdGUEZ:&nbsp;&nbsp;<\/p>\n\n\n\n<figure class=\"wp-block-embed is-type-video is-provider-youtube wp-block-embed-youtube wp-embed-aspect-16-9 wp-has-aspect-ratio\"><div class=\"wp-block-embed__wrapper\">\n<iframe loading=\"lazy\" title=\"Bienvenido al Svalbard Museum, el Museo del Polo Norte\" width=\"500\" height=\"281\" src=\"https:\/\/www.youtube.com\/embed\/lIy1gdR1gn4?feature=oembed&#038;wmode=transparent\" frameborder=\"0\" allow=\"accelerometer; autoplay; clipboard-write; encrypted-media; gyroscope; picture-in-picture; web-share\" referrerpolicy=\"strict-origin-when-cross-origin\" allowfullscreen><\/iframe>\n<\/div><\/figure>\n\n\n\n<figure class=\"wp-block-embed is-type-video is-provider-youtube wp-block-embed-youtube wp-embed-aspect-16-9 wp-has-aspect-ratio\"><div class=\"wp-block-embed__wrapper\">\n<iframe loading=\"lazy\" title=\"Huemanzin Rodr\u00edguez - Entrevista con Jos\u00e9 Antonio Fern\u00e1ndez\" width=\"500\" height=\"281\" src=\"https:\/\/www.youtube.com\/embed\/9fMdyIza0Ac?feature=oembed&#038;wmode=transparent\" frameborder=\"0\" allow=\"accelerometer; autoplay; clipboard-write; encrypted-media; gyroscope; picture-in-picture; web-share\" referrerpolicy=\"strict-origin-when-cross-origin\" allowfullscreen><\/iframe>\n<\/div><\/figure>\n\n\n\n<figure class=\"wp-block-embed is-type-video is-provider-youtube wp-block-embed-youtube wp-embed-aspect-16-9 wp-has-aspect-ratio\"><div class=\"wp-block-embed__wrapper\">\n<iframe loading=\"lazy\" title=\"Huemanzin Rodr\u00edguez \/ Televisi\u00f3n p\u00fablica debe ser humanista \/ Presentado por Jos\u00e9 Antonio Fern\u00e1ndez\" width=\"500\" height=\"281\" src=\"https:\/\/www.youtube.com\/embed\/Xtu1nzmQ5xo?feature=oembed&#038;wmode=transparent\" frameborder=\"0\" allow=\"accelerometer; autoplay; clipboard-write; encrypted-media; gyroscope; picture-in-picture; web-share\" referrerpolicy=\"strict-origin-when-cross-origin\" allowfullscreen><\/iframe>\n<\/div><\/figure>\n\n\n\n<figure class=\"wp-block-embed is-type-video is-provider-youtube wp-block-embed-youtube wp-embed-aspect-16-9 wp-has-aspect-ratio\"><div class=\"wp-block-embed__wrapper\">\n<iframe loading=\"lazy\" title=\"Entrevista a Huemanzin Rodri\u0301guez, reportero de Canal 22\" width=\"500\" height=\"281\" src=\"https:\/\/www.youtube.com\/embed\/EYbHTVj1g64?feature=oembed&#038;wmode=transparent\" frameborder=\"0\" allow=\"accelerometer; autoplay; clipboard-write; encrypted-media; gyroscope; picture-in-picture; web-share\" referrerpolicy=\"strict-origin-when-cross-origin\" allowfullscreen><\/iframe>\n<\/div><\/figure>\n\n\n\n<figure class=\"wp-block-embed is-type-video is-provider-youtube wp-block-embed-youtube wp-embed-aspect-16-9 wp-has-aspect-ratio\"><div class=\"wp-block-embed__wrapper\">\n<iframe loading=\"lazy\" title=\"Entrevista Cine Mexicano  a Huemanzin Rodriguez de Olinka Cervantes\" width=\"500\" height=\"281\" src=\"https:\/\/www.youtube.com\/embed\/99GpDQk9pQQ?feature=oembed&#038;wmode=transparent\" frameborder=\"0\" allow=\"accelerometer; autoplay; clipboard-write; encrypted-media; gyroscope; picture-in-picture; web-share\" referrerpolicy=\"strict-origin-when-cross-origin\" allowfullscreen><\/iframe>\n<\/div><\/figure>\n\n\n\n<figure class=\"wp-block-embed is-type-video is-provider-youtube wp-block-embed-youtube wp-embed-aspect-16-9 wp-has-aspect-ratio\"><div class=\"wp-block-embed__wrapper\">\n<iframe loading=\"lazy\" title=\"Huemanzin Rodr\u00edguez habla sobre la muerte de Leonard Cohen\" width=\"500\" height=\"281\" src=\"https:\/\/www.youtube.com\/embed\/brUbLgr4ho8?feature=oembed&#038;wmode=transparent\" frameborder=\"0\" allow=\"accelerometer; autoplay; clipboard-write; encrypted-media; gyroscope; picture-in-picture; web-share\" referrerpolicy=\"strict-origin-when-cross-origin\" allowfullscreen><\/iframe>\n<\/div><\/figure>\n\n\n\n<figure class=\"wp-block-embed is-type-video is-provider-youtube wp-block-embed-youtube wp-embed-aspect-16-9 wp-has-aspect-ratio\"><div class=\"wp-block-embed__wrapper\">\n<iframe loading=\"lazy\" title=\"Colecci\u00f3n literaria sobre Leonardo Da Vinci\" width=\"500\" height=\"281\" src=\"https:\/\/www.youtube.com\/embed\/Fu2Mo8Z7SjM?feature=oembed&#038;wmode=transparent\" frameborder=\"0\" allow=\"accelerometer; autoplay; clipboard-write; encrypted-media; gyroscope; picture-in-picture; web-share\" referrerpolicy=\"strict-origin-when-cross-origin\" allowfullscreen><\/iframe>\n<\/div><\/figure>\n\n\n\n<figure class=\"wp-block-embed is-type-wp-embed is-provider-noticias-22-digital wp-block-embed-noticias-22-digital\"><div class=\"wp-block-embed__wrapper\">\n<blockquote class=\"wp-embedded-content\" data-secret=\"36beUEBJDj\"><a href=\"https:\/\/noticias.canal22.org.mx\/2022\/06\/08\/el-grito-tiene-nuevo-hogar-y-es-el-museo-mas-grande-de-escandinavia\/\">\u00abEl Grito\u00bb tiene nuevo hogar y es el museo m\u00e1s grande de Escandinavia<\/a><\/blockquote><iframe loading=\"lazy\" class=\"wp-embedded-content\" sandbox=\"allow-scripts\" security=\"restricted\" style=\"position: absolute; visibility: hidden;\" title=\"\u00ab\u00abEl Grito\u00bb tiene nuevo hogar y es el museo m\u00e1s grande de Escandinavia\u00bb \u2014 Noticias 22 Digital\" src=\"https:\/\/noticias.canal22.org.mx\/2022\/06\/08\/el-grito-tiene-nuevo-hogar-y-es-el-museo-mas-grande-de-escandinavia\/embed\/?wmode=transparent#?secret=tBJgmJCT2z#?secret=36beUEBJDj\" data-secret=\"36beUEBJDj\" width=\"500\" height=\"282\" frameborder=\"0\" marginwidth=\"0\" marginheight=\"0\" scrolling=\"no\"><\/iframe>\n<\/div><\/figure>\n\n\n\n<figure class=\"wp-block-embed is-type-wp-embed is-provider-noticias-22-digital wp-block-embed-noticias-22-digital\"><div class=\"wp-block-embed__wrapper\">\n<blockquote class=\"wp-embedded-content\" data-secret=\"jDC8GdSyup\"><a href=\"https:\/\/noticias.canal22.org.mx\/2020\/08\/20\/novela-noruega-libros-simon-stranger\/\">\u00abEl libro de los nombres\u00bb, \u00bfqu\u00e9 detona el mal en una persona?<\/a><\/blockquote><iframe loading=\"lazy\" class=\"wp-embedded-content\" sandbox=\"allow-scripts\" security=\"restricted\" style=\"position: absolute; visibility: hidden;\" title=\"\u00ab\u00abEl libro de los nombres\u00bb, \u00bfqu\u00e9 detona el mal en una persona?\u00bb \u2014 Noticias 22 Digital\" src=\"https:\/\/noticias.canal22.org.mx\/2020\/08\/20\/novela-noruega-libros-simon-stranger\/embed\/?wmode=transparent#?secret=uRjwtXKdgE#?secret=jDC8GdSyup\" data-secret=\"jDC8GdSyup\" width=\"500\" height=\"282\" frameborder=\"0\" marginwidth=\"0\" marginheight=\"0\" scrolling=\"no\"><\/iframe>\n<\/div><\/figure>\n\n\n\n<figure class=\"wp-block-embed\"><div class=\"wp-block-embed__wrapper\">\nhttps:\/\/noticias.canal22.org.mx\/?s=huemanzin\n<\/div><\/figure>\n\n\n\n<p>SEMBLANZA DE HUEMANZIN RODR\u00cdGUEZ:&nbsp;<\/p>\n\n\n\n<p>Desde los 9 a\u00f1os trabajo como presentador en TV cultural. En varios momentos he viajado por todo M\u00e9xico para conocer tanto los asentamientos arqueol\u00f3gicos, las zonas tur\u00edsticas, algunas culturas originarias y la actividad art\u00edstica y cultural de M\u00e9xico.&nbsp; Como periodista, a veces como realizador y\/o camar\u00f3grafo, he desarrollado audiovisuales y reportajes en Alemania, Canad\u00e1, Colombia, Espa\u00f1a, Estados Unidos, Francia, Jap\u00f3n, Noruega, Reino Unido, Suecia y el archipi\u00e9lago de Svalbard, cerca del Polo Norte, entre otros pa\u00edses y lugares.&nbsp; Realic\u00e9 reportajes culturales en Rusia y China para los Juegos Ol\u00edmpicos de 2008 y 2014. En Jap\u00f3n hice la serie documental \u201cEn el pa\u00eds del sol\u201d y \u201cEl renacer de los laureles\u201d (disponible en youtube). Particip\u00e9 en cursos con Julio Villanueva Chang, sobre periodismo cultural; y con G\u00fcnter Walrraf, sobre periodismo encubierto.&nbsp; He trabajado en medios mexicanos como Canal 7, 13, 11, 14 y desde 1996 en Canal 22, cultural.&nbsp; En Radio Educaci\u00f3n fui locutor y actor cuando era ni\u00f1o.&nbsp; Escribo en Noticias 22 Digital y colaboro donde me inviten.&nbsp; Parte de mi trabajo est\u00e1 en l\u00ednea.&nbsp;<\/p>\n","protected":false},"excerpt":{"rendered":"<p>El Club Rotario Campos El\u00edseos&nbsp;junto con la&nbsp;Galer\u00eda Arte Contempor\u00e1neo SMA, tienen al agrado de invitar a usted(es) a la conferencia:&nbsp;&nbsp;&nbsp; \u201cNoruega: Arte y Cultura\u201d&nbsp;&nbsp;&nbsp; Dictada por:&nbsp;&nbsp;&nbsp; Huemanzin Rodr\u00edguez&nbsp; (DESDE NORUEGA) Jueves 14 de julio de 2022&nbsp; 14:30 hs&nbsp; ZOOM&nbsp; ID de Reuni\u00f3n: 893 1555 9534&nbsp; Contrase\u00f1a: 469173&nbsp; https:\/\/us06web.zoom.us\/j\/89315559534?pwd=SjMyTmRiMFA3VGFUY05SaThId0x4Zz09 REFERENCIAS ELECTR\u00d3NICAS AL TRABAJO DE HUEMANZIN RODR\u00cdGUEZ:&nbsp;&nbsp; [&hellip;]<\/p>\n","protected":false},"author":1,"featured_media":689,"comment_status":"closed","ping_status":"closed","sticky":false,"template":"","format":"standard","meta":{"footnotes":""},"categories":[7],"tags":[],"class_list":["post-688","post","type-post","status-publish","format-standard","has-post-thumbnail","hentry","category-invitaciones"],"_links":{"self":[{"href":"https:\/\/clubrotariocamposeliseos.org.mx\/index.php\/wp-json\/wp\/v2\/posts\/688","targetHints":{"allow":["GET"]}}],"collection":[{"href":"https:\/\/clubrotariocamposeliseos.org.mx\/index.php\/wp-json\/wp\/v2\/posts"}],"about":[{"href":"https:\/\/clubrotariocamposeliseos.org.mx\/index.php\/wp-json\/wp\/v2\/types\/post"}],"author":[{"embeddable":true,"href":"https:\/\/clubrotariocamposeliseos.org.mx\/index.php\/wp-json\/wp\/v2\/users\/1"}],"replies":[{"embeddable":true,"href":"https:\/\/clubrotariocamposeliseos.org.mx\/index.php\/wp-json\/wp\/v2\/comments?post=688"}],"version-history":[{"count":1,"href":"https:\/\/clubrotariocamposeliseos.org.mx\/index.php\/wp-json\/wp\/v2\/posts\/688\/revisions"}],"predecessor-version":[{"id":690,"href":"https:\/\/clubrotariocamposeliseos.org.mx\/index.php\/wp-json\/wp\/v2\/posts\/688\/revisions\/690"}],"wp:featuredmedia":[{"embeddable":true,"href":"https:\/\/clubrotariocamposeliseos.org.mx\/index.php\/wp-json\/wp\/v2\/media\/689"}],"wp:attachment":[{"href":"https:\/\/clubrotariocamposeliseos.org.mx\/index.php\/wp-json\/wp\/v2\/media?parent=688"}],"wp:term":[{"taxonomy":"category","embeddable":true,"href":"https:\/\/clubrotariocamposeliseos.org.mx\/index.php\/wp-json\/wp\/v2\/categories?post=688"},{"taxonomy":"post_tag","embeddable":true,"href":"https:\/\/clubrotariocamposeliseos.org.mx\/index.php\/wp-json\/wp\/v2\/tags?post=688"}],"curies":[{"name":"wp","href":"https:\/\/api.w.org\/{rel}","templated":true}]}}