{"id":672,"date":"2022-03-22T15:30:00","date_gmt":"2022-03-22T15:30:00","guid":{"rendered":"http:\/\/clubrotariocamposeliseos.org.mx\/?p=672"},"modified":"2022-05-20T15:33:51","modified_gmt":"2022-05-20T15:33:51","slug":"invitacion-a-la-conferencia-opera-para-formar-nuevos-publicos","status":"publish","type":"post","link":"https:\/\/clubrotariocamposeliseos.org.mx\/index.php\/2022\/03\/invitacion-a-la-conferencia-opera-para-formar-nuevos-publicos\/","title":{"rendered":"Invitaci\u00f3n a la conferencia: \u00d3pera para Formar Nuevos P\u00fablicos"},"content":{"rendered":"\n<p><strong>El Club Rotario Campos El\u00edseos<\/strong>&nbsp;junto con la&nbsp;<strong>Galer\u00eda Arte Contempor\u00e1neo SMA<\/strong>, tienen al agrado de invitar a usted(es) a la conferencia:&nbsp;&nbsp;<\/p>\n\n\n\n<p><strong><em>\u201c\u00d3pera para Formar Nuevos P\u00fablicos\u201d<\/em><\/strong>&nbsp;&nbsp;<\/p>\n\n\n\n<p><strong>Dictada por:&nbsp;&nbsp;<\/strong><\/p>\n\n\n\n<p><strong>Lic. Oscar Eduardo Tapia<\/strong>&nbsp;<\/p>\n\n\n\n<p>Jueves 24 de marzo de 2022&nbsp;<\/p>\n\n\n\n<p>14:30 hs&nbsp;<\/p>\n\n\n\n<p>ZOOM&nbsp;<\/p>\n\n\n\n<p>ID de Reuni\u00f3n: 959 3110 1532&nbsp;<\/p>\n\n\n\n<p>Contrase\u00f1a: 621309&nbsp;<\/p>\n\n\n\n<p><a href=\"https:\/\/zoom.us\/j\/95931101532?pwd=YVZuNEpHbVBja3NVMGVRL1orTDlNZz09\">https:\/\/zoom.us\/j\/95931101532?pwd=YVZuNEpHbVBja3NVMGVRL1orTDlNZz09<\/a><\/p>\n\n\n\n<p>REFERENCIAS ELECTR\u00d3NICAS AL TRABAJO DE OSCAR E. TAPIA:&nbsp;<\/p>\n\n\n\n<p><a href=\"http:\/\/oscartapia.mex.tl\/\" target=\"_blank\" rel=\"noreferrer noopener\">http:\/\/oscartapia.mex.tl\/<\/a>&nbsp;<\/p>\n\n\n\n<figure class=\"wp-block-embed is-type-video is-provider-youtube wp-block-embed-youtube wp-embed-aspect-16-9 wp-has-aspect-ratio\"><div class=\"wp-block-embed__wrapper\">\n<iframe loading=\"lazy\" title=\"&quot;La direcci\u00f3n esc\u00e9nica en la \u00f3pera&quot; \u00d3scar Tapia 18\/04\/20 Conversaciones de Cuarentena.\" width=\"500\" height=\"281\" src=\"https:\/\/www.youtube.com\/embed\/GJk7N8Zy5uI?feature=oembed&#038;wmode=transparent\" frameborder=\"0\" allow=\"accelerometer; autoplay; clipboard-write; encrypted-media; gyroscope; picture-in-picture; web-share\" referrerpolicy=\"strict-origin-when-cross-origin\" allowfullscreen><\/iframe>\n<\/div><\/figure>\n\n\n\n<figure class=\"wp-block-embed is-type-video is-provider-youtube wp-block-embed-youtube wp-embed-aspect-16-9 wp-has-aspect-ratio\"><div class=\"wp-block-embed__wrapper\">\n<iframe loading=\"lazy\" title=\"\u00d3scar Tapia presenta &quot;La Flauta M\u00e1gica...seg\u00fan Papageno&quot;\" width=\"500\" height=\"281\" src=\"https:\/\/www.youtube.com\/embed\/1lJju-_Jiy4?feature=oembed&#038;wmode=transparent\" frameborder=\"0\" allow=\"accelerometer; autoplay; clipboard-write; encrypted-media; gyroscope; picture-in-picture; web-share\" referrerpolicy=\"strict-origin-when-cross-origin\" allowfullscreen><\/iframe>\n<\/div><\/figure>\n\n\n\n<figure class=\"wp-block-embed is-type-video is-provider-youtube wp-block-embed-youtube wp-embed-aspect-16-9 wp-has-aspect-ratio\"><div class=\"wp-block-embed__wrapper\">\n<iframe loading=\"lazy\" title=\"#\u00f3peraen5minutos | Ep. 3 |  &quot;F\u00cdGARO, DE BARBERO A H\u00c9ROE&quot;\" width=\"500\" height=\"281\" src=\"https:\/\/www.youtube.com\/embed\/enzH1J7odI4?feature=oembed&#038;wmode=transparent\" frameborder=\"0\" allow=\"accelerometer; autoplay; clipboard-write; encrypted-media; gyroscope; picture-in-picture; web-share\" referrerpolicy=\"strict-origin-when-cross-origin\" allowfullscreen><\/iframe>\n<\/div><\/figure>\n\n\n\n<figure class=\"wp-block-embed is-type-video is-provider-youtube wp-block-embed-youtube wp-embed-aspect-16-9 wp-has-aspect-ratio\"><div class=\"wp-block-embed__wrapper\">\n<iframe loading=\"lazy\" title=\"Trailer Ep. 5 #\u00f3peraen5minutos &quot;H\u00e9roes y hero\u00ednas de la \u00f3pera&quot;\" width=\"500\" height=\"281\" src=\"https:\/\/www.youtube.com\/embed\/LKiwJ5Q2dfk?feature=oembed&#038;wmode=transparent\" frameborder=\"0\" allow=\"accelerometer; autoplay; clipboard-write; encrypted-media; gyroscope; picture-in-picture; web-share\" referrerpolicy=\"strict-origin-when-cross-origin\" allowfullscreen><\/iframe>\n<\/div><\/figure>\n\n\n\n<figure class=\"wp-block-embed is-type-video is-provider-youtube wp-block-embed-youtube wp-embed-aspect-16-9 wp-has-aspect-ratio\"><div class=\"wp-block-embed__wrapper\">\n<iframe loading=\"lazy\" title=\"Trailer sobre: La Flauta M\u00e1gica seg\u00fan Papageno de Oscar Tapia\" width=\"500\" height=\"281\" src=\"https:\/\/www.youtube.com\/embed\/oOtQ5_azGoI?feature=oembed&#038;wmode=transparent\" frameborder=\"0\" allow=\"accelerometer; autoplay; clipboard-write; encrypted-media; gyroscope; picture-in-picture; web-share\" referrerpolicy=\"strict-origin-when-cross-origin\" allowfullscreen><\/iframe>\n<\/div><\/figure>\n\n\n\n<figure class=\"wp-block-embed is-type-video is-provider-youtube wp-block-embed-youtube wp-embed-aspect-16-9 wp-has-aspect-ratio\"><div class=\"wp-block-embed__wrapper\">\n<iframe loading=\"lazy\" title=\"Opera carmen Aria de la Flor y dueto.wmv\" width=\"500\" height=\"281\" src=\"https:\/\/www.youtube.com\/embed\/jmYpfJOT6DY?feature=oembed&#038;wmode=transparent\" frameborder=\"0\" allow=\"accelerometer; autoplay; clipboard-write; encrypted-media; gyroscope; picture-in-picture; web-share\" referrerpolicy=\"strict-origin-when-cross-origin\" allowfullscreen><\/iframe>\n<\/div><\/figure>\n\n\n\n<figure class=\"wp-block-embed\"><div class=\"wp-block-embed__wrapper\">\nhttps:\/\/proopera.org.mx\/wp-content\/uploads\/2020\/01\/30-frontera-mayo-2011-%E2%88%9A_compressed.pdf\n<\/div><\/figure>\n\n\n\n<figure class=\"wp-block-embed\"><div class=\"wp-block-embed__wrapper\">\nhttps:\/\/www.gob.mx\/cultura\/prensa\/teatro-y-opera-para-ninos-ofrece-la-obra-el-empresario\n<\/div><\/figure>\n\n\n\n<figure class=\"wp-block-embed\"><div class=\"wp-block-embed__wrapper\">\nhttps:\/\/www.jornada.com.mx\/2016\/05\/02\/espectaculos\/a14n1esp\n<\/div><\/figure>\n\n\n\n<figure class=\"wp-block-embed is-type-wp-embed is-provider-interescena wp-block-embed-interescena\"><div class=\"wp-block-embed__wrapper\">\n<blockquote class=\"wp-embedded-content\" data-secret=\"2Q9PclMWgK\"><a href=\"https:\/\/interescena.com\/musica2\/29999\/\">\u00c3\u201cscar Tapia present\u00c3\u00b3 El empresario, un espectaculo mozartiano que atrapa al p\u00c3\u00bablico<\/a><\/blockquote><iframe loading=\"lazy\" class=\"wp-embedded-content\" sandbox=\"allow-scripts\" security=\"restricted\" style=\"position: absolute; visibility: hidden;\" title=\"&#171;\u00c3\u201cscar Tapia present\u00c3\u00b3 El empresario, un espectaculo mozartiano que atrapa al p\u00c3\u00bablico&#187; &#8212; InterEscena\" src=\"https:\/\/interescena.com\/musica2\/29999\/embed\/?wmode=transparent#?secret=2Q9PclMWgK\" data-secret=\"2Q9PclMWgK\" width=\"500\" height=\"282\" frameborder=\"0\" marginwidth=\"0\" marginheight=\"0\" scrolling=\"no\"><\/iframe>\n<\/div><\/figure>\n\n\n\n<figure class=\"wp-block-embed\"><div class=\"wp-block-embed__wrapper\">\nhttps:\/\/www.20minutos.com.mx\/noticia\/489434\/0\/opera-la-flauta-magica-llenara-de-fantasia-al-teatro-de-la-ciudad\/\n<\/div><\/figure>\n\n\n\n<p>SEMBLANZA:&nbsp;<\/p>\n\n\n\n<p><strong>Oscar Eduardo Tapia.<\/strong>&nbsp;Director de Escena. Estudi\u00f3 la Licenciatura en Ciencias de la Comunicaci\u00f3n en la UFRAM, Fotograf\u00eda Profesional con Rosal\u00edo Vera y Direcci\u00f3n de Escena con el Mtro. Jos\u00e9 Caballero en La Casa del Teatro. En sus inicios trabaj\u00f3 en diversas filmaciones en el Departamento de Arte de las que resaltan Y tu mam\u00e1 tambi\u00e9n. Como Director de Arte trabaj\u00f3 en los videoclips: Te llorar\u00e9 todo un r\u00edo, de Man\u00e1 y Duele el Amor de Aleks Syntek. Es co-creador del primer sistema de traducci\u00f3n para la \u00f3pera y obras de teatro, (Supertitulaje), junto con Rogelio G\u00f3mez y Francisco M\u00e9ndez Padilla, el cual se inici\u00f3 en El Palacio de Bellas Artes y se extendi\u00f3 a desde 1993 a los principales festivales y teatros en M\u00e9xico, posicion\u00e1ndose como uno de los mejores sistemas a nivel mundial. Inici\u00f3 su carrera como Director de Escena de \u00d3pera en el 2003 y hasta la fecha ha realizado m\u00e1s de 35 estrenos abarcando \u00f3pera cl\u00e1sica, bufa, contempor\u00e1nea y adaptaciones de \u00f3pera con su compa\u00f1\u00eda Producciones Ar\u00e1ndano A.C. Ha estrenado en M\u00e9xico las \u00f3peras: Prima la Musica poi le Parole de Antonio Salieri (2005) Chihuahua, Chi) y Albert Herring de Benjam\u00edn Britten (2008 Solistas Ensamble INBA) Entre sus montajes oper\u00edsticos cl\u00e1sicos destacan: El Empresario, Don Giovanni y Bodas de F\u00edgaro de Mozart; Tosca, Boheme, Gianni Schicchi, Madama Butterfly y El Tabarro de Puccini; Elixir de Amor y Rita de Donizetti; Rigoletto y Traviata de Verdi; Pagliacci de Leoncavallo; la \u00f3pera Japonesa, Yuzuru de Ikuma Dan; entre otros. A partir de 2006, comenz\u00f3 a desarrollar adaptaciones oper\u00edsticas para la formaci\u00f3n de nuevos p\u00fablicos a la \u00f3pera, hablados en espa\u00f1ol, con interacci\u00f3n con los ni\u00f1os con los t\u00edtulos de \u201cEl Empresario\u201d (2006) y \u201cLa Flauta M\u00e1gica, seg\u00fan Papageno\u201d (2010) ambas de W.A. Mozart. Estos t\u00edtulos han sido programados en el Festival de \u201cLa \u00d3pera es puro cuento\u201d del Centro Nacional de las Artes y Teatro de la Ciudad \u201cEsperanza Iris\u201d los cuales han registrado llenos en taquilla. Ambos t\u00edtulos han ganado la Convocatoria de EFIMUSICA, para ofrecer cada t\u00edtulo con giras a nivel nacional. En octubre de 2020, Producciones Ar\u00e1ndano A.C. present\u00f3 en el Teatro de la Ciudad \u201cEsperanza Iris\u201d la primera \u00f3pera en presentarse en el continente americano con \u201cEl Empresario Teatral\u201d de W.A. Mozart, adaptado por \u00d3scar Tapia. En diciembre de 2021, estreno \u201cF\u00edgaro y el Alquimista\u201d \u00f3pera de Ciencia Ficci\u00f3n para j\u00f3venes audiencias, con M\u00fasica de G. Rossini y libreto original de \u00d3scar Tapia; Es la primera parte de una nueva trilog\u00eda con el personaje de F\u00edgaro y un viajero del tiempo, llamado el Doctor, con m\u00fasica de los grandes autores cl\u00e1sicos como lo Rossini, Bizet, Puccini y Mozart. As\u00ed como concluir las Giras de \u201cLa Flauta M\u00e1gica, seg\u00fan Papageno\u201d y \u201cEl Empresario teatral\u201d de Mozart, cuando la contingencia sanitaria, lo permita.&nbsp;&nbsp;<\/p>\n","protected":false},"excerpt":{"rendered":"<p>El Club Rotario Campos El\u00edseos&nbsp;junto con la&nbsp;Galer\u00eda Arte Contempor\u00e1neo SMA, tienen al agrado de invitar a usted(es) a la conferencia:&nbsp;&nbsp; \u201c\u00d3pera para Formar Nuevos P\u00fablicos\u201d&nbsp;&nbsp; Dictada por:&nbsp;&nbsp; Lic. Oscar Eduardo Tapia&nbsp; Jueves 24 de marzo de 2022&nbsp; 14:30 hs&nbsp; ZOOM&nbsp; ID de Reuni\u00f3n: 959 3110 1532&nbsp; Contrase\u00f1a: 621309&nbsp; https:\/\/zoom.us\/j\/95931101532?pwd=YVZuNEpHbVBja3NVMGVRL1orTDlNZz09 REFERENCIAS ELECTR\u00d3NICAS AL TRABAJO DE OSCAR [&hellip;]<\/p>\n","protected":false},"author":1,"featured_media":673,"comment_status":"closed","ping_status":"closed","sticky":false,"template":"","format":"standard","meta":{"footnotes":""},"categories":[7],"tags":[],"class_list":["post-672","post","type-post","status-publish","format-standard","has-post-thumbnail","hentry","category-invitaciones"],"_links":{"self":[{"href":"https:\/\/clubrotariocamposeliseos.org.mx\/index.php\/wp-json\/wp\/v2\/posts\/672","targetHints":{"allow":["GET"]}}],"collection":[{"href":"https:\/\/clubrotariocamposeliseos.org.mx\/index.php\/wp-json\/wp\/v2\/posts"}],"about":[{"href":"https:\/\/clubrotariocamposeliseos.org.mx\/index.php\/wp-json\/wp\/v2\/types\/post"}],"author":[{"embeddable":true,"href":"https:\/\/clubrotariocamposeliseos.org.mx\/index.php\/wp-json\/wp\/v2\/users\/1"}],"replies":[{"embeddable":true,"href":"https:\/\/clubrotariocamposeliseos.org.mx\/index.php\/wp-json\/wp\/v2\/comments?post=672"}],"version-history":[{"count":1,"href":"https:\/\/clubrotariocamposeliseos.org.mx\/index.php\/wp-json\/wp\/v2\/posts\/672\/revisions"}],"predecessor-version":[{"id":674,"href":"https:\/\/clubrotariocamposeliseos.org.mx\/index.php\/wp-json\/wp\/v2\/posts\/672\/revisions\/674"}],"wp:featuredmedia":[{"embeddable":true,"href":"https:\/\/clubrotariocamposeliseos.org.mx\/index.php\/wp-json\/wp\/v2\/media\/673"}],"wp:attachment":[{"href":"https:\/\/clubrotariocamposeliseos.org.mx\/index.php\/wp-json\/wp\/v2\/media?parent=672"}],"wp:term":[{"taxonomy":"category","embeddable":true,"href":"https:\/\/clubrotariocamposeliseos.org.mx\/index.php\/wp-json\/wp\/v2\/categories?post=672"},{"taxonomy":"post_tag","embeddable":true,"href":"https:\/\/clubrotariocamposeliseos.org.mx\/index.php\/wp-json\/wp\/v2\/tags?post=672"}],"curies":[{"name":"wp","href":"https:\/\/api.w.org\/{rel}","templated":true}]}}