{"id":666,"date":"2022-03-17T16:27:14","date_gmt":"2022-03-17T16:27:14","guid":{"rendered":"http:\/\/clubrotariocamposeliseos.org.mx\/?p=666"},"modified":"2022-03-17T16:27:15","modified_gmt":"2022-03-17T16:27:15","slug":"invitacion-a-la-conferencia-biblioteca-humana-donde-se-consultan-libros-vivos","status":"publish","type":"post","link":"https:\/\/clubrotariocamposeliseos.org.mx\/index.php\/2022\/03\/invitacion-a-la-conferencia-biblioteca-humana-donde-se-consultan-libros-vivos\/","title":{"rendered":"Invitaci\u00f3n a la conferencia: Biblioteca Humana,  Donde se Consultan Libros Vivos"},"content":{"rendered":"\n<p><strong>El Club Rotario Campos El\u00edseos<\/strong>\u00a0junto con la\u00a0<strong>Galer\u00eda Arte Contempor\u00e1neo SMA<\/strong>, tienen al agrado de invitar a usted(es) a la conferencia:\u00a0\u00a0<\/p>\n\n\n\n<p><strong><em>\u201cBiblioteca Humana, &nbsp;<\/em><\/strong><\/p>\n\n\n\n<p><strong><em>Donde se Consultan Libros Vivos\u201d<\/em><\/strong>&nbsp;&nbsp;<\/p>\n\n\n\n<p><strong>Dictada por:&nbsp;&nbsp;<\/strong><\/p>\n\n\n\n<p><strong>Lics. Hayde\u00e9 Ruiz y<\/strong><\/p>\n\n\n\n<p><strong>\u00a0Alicia Alarc\u00f3n<\/strong>\u00a0<\/p>\n\n\n\n<figure class=\"wp-block-embed is-type-video is-provider-youtube wp-block-embed-youtube wp-embed-aspect-16-9 wp-has-aspect-ratio\"><div class=\"wp-block-embed__wrapper\">\n<iframe loading=\"lazy\" title=\"17. Invitaci\u00f3n a la conferencia: Biblioteca Humana,  Donde se Consultan Libros Vivos\" width=\"500\" height=\"281\" src=\"https:\/\/www.youtube.com\/embed\/9YWBu7mxCOU?feature=oembed&#038;wmode=transparent\" frameborder=\"0\" allow=\"accelerometer; autoplay; clipboard-write; encrypted-media; gyroscope; picture-in-picture; web-share\" referrerpolicy=\"strict-origin-when-cross-origin\" allowfullscreen><\/iframe>\n<\/div><\/figure>\n\n\n\n<p>Jueves 17 de marzo de 2022&nbsp;<\/p>\n\n\n\n<p>14:30 hs&nbsp;<\/p>\n\n\n\n<p>ZOOM&nbsp;<\/p>\n\n\n\n<p>ID de Reuni\u00f3n: 959 3110 1532&nbsp;<\/p>\n\n\n\n<p>Contrase\u00f1a: 621309&nbsp;<\/p>\n\n\n\n<p><a href=\"https:\/\/zoom.us\/j\/95931101532?pwd=YVZuNEpHbVBja3NVMGVRL1orTDlNZz09\">https:\/\/zoom.us\/j\/95931101532?pwd=YVZuNEpHbVBja3NVMGVRL1orTDlNZz09<\/a><\/p>\n\n\n\n<p>REFERENCIAS ELECTR\u00d3NICAS AL TEMA DE BIBLIOTECA HUMANA Y PONENTES:&nbsp;<\/p>\n\n\n\n<p><a href=\"https:\/\/www.facebook.com\/watch\/live\/?ref=watch_permalink&amp;v=597253181707911\">https:\/\/www.facebook.com\/watch\/live\/?ref=watch_permalink&amp;v=597253181707911<\/a><\/p>\n\n\n\n<p><a href=\"https:\/\/www.elsoldecuernavaca.com.mx\/cultura\/jardin-borda-realiza-la-primera-biblioteca-humana-de-morelos-7536845.html\">https:\/\/www.elsoldecuernavaca.com.mx\/cultura\/jardin-borda-realiza-la-primera-biblioteca-humana-de-morelos-7536845.html<\/a><\/p>\n\n\n\n<p><a href=\"https:\/\/www.facebook.com\/watch\/?v=588604545692936\">https:\/\/www.facebook.com\/watch\/?v=588604545692936<\/a><\/p>\n\n\n\n<p><a href=\"https:\/\/www.facebook.com\/watch\/?v=324173722419372\">https:\/\/www.facebook.com\/watch\/?v=324173722419372<\/a><\/p>\n\n\n\n<figure class=\"wp-block-embed is-type-video is-provider-youtube wp-block-embed-youtube wp-embed-aspect-16-9 wp-has-aspect-ratio\"><div class=\"wp-block-embed__wrapper\">\n<iframe loading=\"lazy\" title=\"Biblioteca Humana en la Vasconcelos\" width=\"500\" height=\"281\" src=\"https:\/\/www.youtube.com\/embed\/AJjqW2N1r_I?feature=oembed&#038;wmode=transparent\" frameborder=\"0\" allow=\"accelerometer; autoplay; clipboard-write; encrypted-media; gyroscope; picture-in-picture; web-share\" referrerpolicy=\"strict-origin-when-cross-origin\" allowfullscreen><\/iframe>\n<\/div><\/figure>\n\n\n\n<figure class=\"wp-block-embed is-provider-youtube wp-block-embed-youtube\"><div class=\"wp-block-embed__wrapper\">\nhttps:\/\/www.youtube.com\/watch?v=qwemPVNppz0\n<\/div><\/figure>\n\n\n\n<figure class=\"wp-block-embed\"><div class=\"wp-block-embed__wrapper\">\n<iframe loading=\"lazy\" title=\"Bibliotecas humanas\" width=\"500\" height=\"281\" src=\"https:\/\/www.youtube.com\/embed\/jZwqLX4R9Rc?feature=oembed&#038;wmode=transparent\" frameborder=\"0\" allow=\"accelerometer; autoplay; clipboard-write; encrypted-media; gyroscope; picture-in-picture; web-share\" referrerpolicy=\"strict-origin-when-cross-origin\" allowfullscreen><\/iframe>\n<\/div><\/figure>\n\n\n\n<p><a href=\"https:\/\/www.fundacion-sm.org.mx\/proyectos\/biblioteca-humana\">https:\/\/www.fundacion-sm.org.mx\/proyectos\/biblioteca-humana<\/a><\/p>\n\n\n\n<figure class=\"wp-block-embed\"><div class=\"wp-block-embed__wrapper\">\n<blockquote class=\"wp-embedded-content\" data-secret=\"1jaP1cC0Tq\"><a href=\"https:\/\/www.cronicadeoaxaca.com\/casa-manana\/\">\u00bfCasa? \u00a1ma\u00f1ana!<\/a><\/blockquote><iframe loading=\"lazy\" class=\"wp-embedded-content\" sandbox=\"allow-scripts\" security=\"restricted\" style=\"position: absolute; visibility: hidden;\" title=\"&#8220;\u00bfCasa? \u00a1ma\u00f1ana!&#8221; &#8212; Cr\u00f3nica de Oaxaca\" src=\"https:\/\/www.cronicadeoaxaca.com\/casa-manana\/embed\/?wmode=transparent#?secret=IPO64VW68x#?secret=1jaP1cC0Tq\" data-secret=\"1jaP1cC0Tq\" width=\"500\" height=\"282\" frameborder=\"0\" marginwidth=\"0\" marginheight=\"0\" scrolling=\"no\"><\/iframe>\n<\/div><\/figure>\n\n\n\n<p>SEMBLANZAS:&nbsp;<\/p>\n\n\n\n<p><strong>Hayde\u00e9 Ruiz<\/strong> es Licenciada en Derecho, de la Facultad de Derecho y Ciencias Sociales de la Universidad Aut\u00f3noma del Estado de Morelos. Abogada litigante titular de la marca legal H y H Consultores Jur\u00eddicos desde el a\u00f1o 2001. Promotora cultural funge como Presidenta de la Fundaci\u00f3n Coraz\u00f3n de Artista A. C. y Directora de la Escuela de Arte del mismo nombre, donde ha creado espacios para la ense\u00f1anza y desarrollo de las bellas artes, organizando talleres de m\u00fasica, escultura y pintura que han dado como resultado recitales, y exposiciones.&nbsp;<\/p>\n\n\n\n<p><strong>Alicia Alarc\u00f3n<\/strong> es Licenciada en Ciencias de la Comunicaci\u00f3n por la Facultad de Ciencias Pol\u00edticas y Sociales, de la Universidad Nacional Aut\u00f3noma de M\u00e9xico, Curs\u00f3 el diplomado en Creaci\u00f3n Literaria de la Sociedad General de Escritores de M\u00e9xico, SOGEM. Es Evaluadora en Promoci\u00f3n a la Lectura por CONOCER. Tiene m\u00e1s de treinta a\u00f1os de experiencia en el periodismo cultural. Su inquietud por mostrar el mundo literario se ha extendido en la creacio\u00ecn de ci\u00ecrculos y talleres de creaci\u00f3n y mediaci\u00f3n de lectura que constantemente realiza. Actualmente combina su trabajo periodi\u00ecstico con la narrativa literaria, misma que publica en medios digitales. Tiene dos libros publicados Ecos del agua, resultado del Programa de Acciones Culturales Multiling\u00fces y Comunitarias, en 2017, y Ax\u00f3lotl entre los brazos de las chinampas, publicado por el Instituto Polit\u00e9cnico Nacional, en 2019.&nbsp;<br>&#8230;<\/p>\n","protected":false},"excerpt":{"rendered":"<p>El Club Rotario Campos El\u00edseos\u00a0junto con la\u00a0Galer\u00eda Arte Contempor\u00e1neo SMA, tienen al agrado de invitar a usted(es) a la conferencia:\u00a0\u00a0 \u201cBiblioteca Humana, &nbsp; Donde se Consultan Libros Vivos\u201d&nbsp;&nbsp; Dictada por:&nbsp;&nbsp; Lics. Hayde\u00e9 Ruiz y \u00a0Alicia Alarc\u00f3n\u00a0 Jueves 17 de marzo de 2022&nbsp; 14:30 hs&nbsp; ZOOM&nbsp; ID de Reuni\u00f3n: 959 3110 1532&nbsp; Contrase\u00f1a: 621309&nbsp; https:\/\/zoom.us\/j\/95931101532?pwd=YVZuNEpHbVBja3NVMGVRL1orTDlNZz09 REFERENCIAS [&hellip;]<\/p>\n","protected":false},"author":1,"featured_media":668,"comment_status":"closed","ping_status":"closed","sticky":false,"template":"","format":"standard","meta":{"footnotes":""},"categories":[7],"tags":[],"class_list":["post-666","post","type-post","status-publish","format-standard","has-post-thumbnail","hentry","category-invitaciones"],"_links":{"self":[{"href":"https:\/\/clubrotariocamposeliseos.org.mx\/index.php\/wp-json\/wp\/v2\/posts\/666","targetHints":{"allow":["GET"]}}],"collection":[{"href":"https:\/\/clubrotariocamposeliseos.org.mx\/index.php\/wp-json\/wp\/v2\/posts"}],"about":[{"href":"https:\/\/clubrotariocamposeliseos.org.mx\/index.php\/wp-json\/wp\/v2\/types\/post"}],"author":[{"embeddable":true,"href":"https:\/\/clubrotariocamposeliseos.org.mx\/index.php\/wp-json\/wp\/v2\/users\/1"}],"replies":[{"embeddable":true,"href":"https:\/\/clubrotariocamposeliseos.org.mx\/index.php\/wp-json\/wp\/v2\/comments?post=666"}],"version-history":[{"count":1,"href":"https:\/\/clubrotariocamposeliseos.org.mx\/index.php\/wp-json\/wp\/v2\/posts\/666\/revisions"}],"predecessor-version":[{"id":669,"href":"https:\/\/clubrotariocamposeliseos.org.mx\/index.php\/wp-json\/wp\/v2\/posts\/666\/revisions\/669"}],"wp:featuredmedia":[{"embeddable":true,"href":"https:\/\/clubrotariocamposeliseos.org.mx\/index.php\/wp-json\/wp\/v2\/media\/668"}],"wp:attachment":[{"href":"https:\/\/clubrotariocamposeliseos.org.mx\/index.php\/wp-json\/wp\/v2\/media?parent=666"}],"wp:term":[{"taxonomy":"category","embeddable":true,"href":"https:\/\/clubrotariocamposeliseos.org.mx\/index.php\/wp-json\/wp\/v2\/categories?post=666"},{"taxonomy":"post_tag","embeddable":true,"href":"https:\/\/clubrotariocamposeliseos.org.mx\/index.php\/wp-json\/wp\/v2\/tags?post=666"}],"curies":[{"name":"wp","href":"https:\/\/api.w.org\/{rel}","templated":true}]}}