{"id":610,"date":"2021-08-18T17:44:38","date_gmt":"2021-08-18T17:44:38","guid":{"rendered":"http:\/\/clubrotariocamposeliseos.org.mx\/?p=610"},"modified":"2021-08-18T17:44:39","modified_gmt":"2021-08-18T17:44:39","slug":"invitacion-a-la-conferencia-republica-dominicana-lo-tiene-todo","status":"publish","type":"post","link":"https:\/\/clubrotariocamposeliseos.org.mx\/index.php\/2021\/08\/invitacion-a-la-conferencia-republica-dominicana-lo-tiene-todo\/","title":{"rendered":"Invitaci\u00f3n a la conferencia: Rep\u00fablica Dominicana, Lo Tiene Todo"},"content":{"rendered":"\n<p><strong>El Club Rotario Campos El\u00edseos<\/strong>\u00a0junto con la\u00a0<strong>Galer\u00eda Arte Contempor\u00e1neo SMA<\/strong>, tienen al agrado de invitar a usted(es) a la conferencia dictada por <strong>Carolina P\u00e9rez<\/strong><\/p>\n\n\n\n<figure class=\"wp-block-embed-youtube wp-block-embed is-type-video is-provider-youtube wp-embed-aspect-16-9 wp-has-aspect-ratio\"><div class=\"wp-block-embed__wrapper\">\n<iframe loading=\"lazy\" title=\"5. Invitaci\u00f3n a la conferencia: Rep\u00fablica Dominicana, Lo Tiene Todo\" width=\"500\" height=\"281\" src=\"https:\/\/www.youtube.com\/embed\/-21eE4kwHNw?feature=oembed&#038;wmode=transparent\" frameborder=\"0\" allow=\"accelerometer; autoplay; clipboard-write; encrypted-media; gyroscope; picture-in-picture; web-share\" referrerpolicy=\"strict-origin-when-cross-origin\" allowfullscreen><\/iframe>\n<\/div><\/figure>\n\n\n\n<p>Jueves 19 de agosto de 2021&nbsp;<\/p>\n\n\n\n<p>14:30 hs&nbsp;<\/p>\n\n\n\n<p>ZOOM&nbsp;<\/p>\n\n\n\n<p>ID de Reuni\u00f3n: 815 2619 7694&nbsp;<\/p>\n\n\n\n<p>Contrase\u00f1a: 927121&nbsp;<\/p>\n\n\n\n<p><a href=\"https:\/\/us02web.zoom.us\/j\/81526197694?pwd=Y3d5SE11ckpqT3NWZE9aVWMyQUxpZz09\">https:\/\/us02web.zoom.us\/j\/81526197694?pwd=Y3d5SE11ckpqT3NWZE9aVWMyQUxpZz09<\/a><\/p>\n\n\n\n<figure class=\"wp-block-image size-large\"><img loading=\"lazy\" decoding=\"async\" width=\"791\" height=\"1024\" src=\"http:\/\/clubrotariocamposeliseos.org.mx\/wp-content\/uploads\/2021\/08\/Poster-Rotary-19-08-21-791x1024.jpg\" alt=\"\" class=\"wp-image-611\" srcset=\"https:\/\/clubrotariocamposeliseos.org.mx\/wp-content\/uploads\/2021\/08\/Poster-Rotary-19-08-21-791x1024.jpg 791w, https:\/\/clubrotariocamposeliseos.org.mx\/wp-content\/uploads\/2021\/08\/Poster-Rotary-19-08-21-232x300.jpg 232w, https:\/\/clubrotariocamposeliseos.org.mx\/wp-content\/uploads\/2021\/08\/Poster-Rotary-19-08-21-768x994.jpg 768w, https:\/\/clubrotariocamposeliseos.org.mx\/wp-content\/uploads\/2021\/08\/Poster-Rotary-19-08-21-1187x1536.jpg 1187w, https:\/\/clubrotariocamposeliseos.org.mx\/wp-content\/uploads\/2021\/08\/Poster-Rotary-19-08-21.jpg 1280w\" sizes=\"auto, (max-width: 791px) 100vw, 791px\" \/><\/figure>\n\n\n\n<p>REFERENCIAS ELECTR\u00d3NICAS AL TRABAJO DE CAROLINA P\u00c9REZ&nbsp;<\/p>\n\n\n\n<figure class=\"wp-block-embed-youtube wp-block-embed is-type-video is-provider-youtube wp-embed-aspect-16-9 wp-has-aspect-ratio\"><div class=\"wp-block-embed__wrapper\">\n<iframe loading=\"lazy\" title=\"Carolina P\u00e9rez, directora de la Oficina de Turismo de Rep\u00fablica Dominicana en M\u00e9xico\" width=\"500\" height=\"281\" src=\"https:\/\/www.youtube.com\/embed\/09fxrgJBs1g?feature=oembed&#038;wmode=transparent\" frameborder=\"0\" allow=\"accelerometer; autoplay; clipboard-write; encrypted-media; gyroscope; picture-in-picture; web-share\" referrerpolicy=\"strict-origin-when-cross-origin\" allowfullscreen><\/iframe>\n<\/div><\/figure>\n\n\n\n<figure class=\"wp-block-embed-youtube wp-block-embed is-type-video is-provider-youtube wp-embed-aspect-16-9 wp-has-aspect-ratio\"><div class=\"wp-block-embed__wrapper\">\n<iframe loading=\"lazy\" title=\"Carolina P\u00e9rez Reynoso, Directora de la Oficina de Turismo de Rep\u00fablica Dominicana en Mexico\" width=\"500\" height=\"281\" src=\"https:\/\/www.youtube.com\/embed\/F8xD8IxeciE?feature=oembed&#038;wmode=transparent\" frameborder=\"0\" allow=\"accelerometer; autoplay; clipboard-write; encrypted-media; gyroscope; picture-in-picture; web-share\" referrerpolicy=\"strict-origin-when-cross-origin\" allowfullscreen><\/iframe>\n<\/div><\/figure>\n\n\n\n<figure class=\"wp-block-embed-youtube wp-block-embed is-type-video is-provider-youtube wp-embed-aspect-16-9 wp-has-aspect-ratio\"><div class=\"wp-block-embed__wrapper\">\n<iframe loading=\"lazy\" title=\"Entrevista con Carolina P\u00e9rez Reinoso, Oficina de Turismo de Rep\u00fablica Dominicana\" width=\"500\" height=\"281\" src=\"https:\/\/www.youtube.com\/embed\/ncoW4FF6NpE?feature=oembed&#038;wmode=transparent\" frameborder=\"0\" allow=\"accelerometer; autoplay; clipboard-write; encrypted-media; gyroscope; picture-in-picture; web-share\" referrerpolicy=\"strict-origin-when-cross-origin\" allowfullscreen><\/iframe>\n<\/div><\/figure>\n\n\n\n<p><a href=\"https:\/\/www.adn40.mx\/noticia\/internacional\/notas\/2019-01-28-06-00\/republica-dominicana-el-pais-favorito-de-los-mexicanos\">https:\/\/www.adn40.mx\/noticia\/internacional\/notas\/2019-01-28-06-00\/republica-dominicana-el-pais-favorito-de-los-mexicanos<\/a><\/p>\n\n\n\n<figure class=\"wp-block-embed-wordpress wp-block-embed is-type-wp-embed is-provider-pasillo-turistico\"><div class=\"wp-block-embed__wrapper\">\nhttps:\/\/pasilloturistico.com\/dominicana-ha-asumido-su-plan-de-recuperacion-turistica-con-mucha-responsabilidad-carolina-perez\/\n<\/div><\/figure>\n\n\n\n<figure class=\"wp-block-embed-wordpress wp-block-embed is-type-wp-embed is-provider-pasillo-turistico\"><div class=\"wp-block-embed__wrapper\">\n<blockquote class=\"wp-embedded-content\" data-secret=\"gfTrdK3Dou\"><a href=\"https:\/\/pasilloturistico.com\/nombran-a-carolina-perez-representante-de-la-oficina-de-turismo-de-republica-dominicana-en-mexico\/\">Nombran a Carolina P\u00e9rez representante de la Oficina de Turismo de Rep\u00fablica Dominicana en M\u00e9xico<\/a><\/blockquote><iframe loading=\"lazy\" class=\"wp-embedded-content\" sandbox=\"allow-scripts\" security=\"restricted\" style=\"position: absolute; visibility: hidden;\" title=\"\u00abNombran a Carolina P\u00e9rez representante de la Oficina de Turismo de Rep\u00fablica Dominicana en M\u00e9xico\u00bb \u2014 Pasillo Tur\u00edstico\" src=\"https:\/\/pasilloturistico.com\/nombran-a-carolina-perez-representante-de-la-oficina-de-turismo-de-republica-dominicana-en-mexico\/embed\/?wmode=transparent#?secret=MqlZCqlDfM#?secret=gfTrdK3Dou\" data-secret=\"gfTrdK3Dou\" width=\"500\" height=\"282\" frameborder=\"0\" marginwidth=\"0\" marginheight=\"0\" scrolling=\"no\"><\/iframe>\n<\/div><\/figure>\n\n\n\n<figure class=\"wp-block-embed-wordpress wp-block-embed is-type-wp-embed is-provider-neextt\"><div class=\"wp-block-embed__wrapper\">\n<blockquote class=\"wp-embedded-content\" data-secret=\"bcitAwGGBt\"><a href=\"https:\/\/neextt.com\/entrevista-carolina-perez-turismo-republica-dominicana\/\">La entrevista de la semana: Carolina P\u00e9rez, Turismo de Rep\u00fablica Dominicana<\/a><\/blockquote><iframe loading=\"lazy\" class=\"wp-embedded-content\" sandbox=\"allow-scripts\" security=\"restricted\" style=\"position: absolute; visibility: hidden;\" title=\"&#171;La entrevista de la semana: Carolina P\u00e9rez, Turismo de Rep\u00fablica Dominicana&#187; &#8212; neextt\" src=\"https:\/\/neextt.com\/entrevista-carolina-perez-turismo-republica-dominicana\/embed\/?wmode=transparent#?secret=bcitAwGGBt\" data-secret=\"bcitAwGGBt\" width=\"500\" height=\"282\" frameborder=\"0\" marginwidth=\"0\" marginheight=\"0\" scrolling=\"no\"><\/iframe>\n<\/div><\/figure>\n\n\n\n<figure class=\"wp-block-embed-youtube wp-block-embed is-type-video is-provider-youtube wp-embed-aspect-16-9 wp-has-aspect-ratio\"><div class=\"wp-block-embed__wrapper\">\n<iframe loading=\"lazy\" title=\"&quot;Descubriendo Dominicana&quot; | Carolina P\u00e9rez en #ViajerosInspirandoViajeros\" width=\"500\" height=\"281\" src=\"https:\/\/www.youtube.com\/embed\/BblWtkL2sFw?feature=oembed&#038;wmode=transparent\" frameborder=\"0\" allow=\"accelerometer; autoplay; clipboard-write; encrypted-media; gyroscope; picture-in-picture; web-share\" referrerpolicy=\"strict-origin-when-cross-origin\" allowfullscreen><\/iframe>\n<\/div><\/figure>\n\n\n\n<p>SEMBLANZA CAROLINA P\u00c9REZ:&nbsp;<\/p>\n\n\n\n<p>Directora de la Oficina de Promoci\u00f3n Tur\u00edstica de la Rep\u00fablica Dominicana en M\u00e9xico. Cuenta con una experiencia de m\u00e1s de 11 a\u00f1os en el desarrollo de proyectos marca-pa\u00eds y ha desempe\u00f1ado sus funciones institucionales en Espa\u00f1a, Portugal y M\u00e9xico. Es Lic. en Comunicaci\u00f3n Social (Universidad Cat\u00f3lica de Santo Domingo), M\u00e1ster en Relaciones Internacionales (Universidad Nebrija de Madrid), M\u00e1ster en Gabinetes de Comunicaci\u00f3n para Empresas e Instituciones (Universidad Complutense de Madrid), M\u00e1ster en Periodismo especializado en Comunicaci\u00f3n Institucional, Estrategias, Manejo y Gesti\u00f3n de Crisis (Universidad Nebrija de Madrid). Tambi\u00e9n es Diplomada en Marketing para Destinos Tur\u00edsticos (Universidad An\u00e1huac de M\u00e9xico) y especializada en Gesti\u00f3n de Riesgos Reputacionales (Corporate Excellence. Centre for Reputation Leadershipy).&nbsp;<\/p>\n","protected":false},"excerpt":{"rendered":"<p>El Club Rotario Campos El\u00edseos\u00a0junto con la\u00a0Galer\u00eda Arte Contempor\u00e1neo SMA, tienen al agrado de invitar a usted(es) a la conferencia dictada por Carolina P\u00e9rez Jueves 19 de agosto de 2021&nbsp; 14:30 hs&nbsp; ZOOM&nbsp; ID de Reuni\u00f3n: 815 2619 7694&nbsp; Contrase\u00f1a: 927121&nbsp; https:\/\/us02web.zoom.us\/j\/81526197694?pwd=Y3d5SE11ckpqT3NWZE9aVWMyQUxpZz09 REFERENCIAS ELECTR\u00d3NICAS AL TRABAJO DE CAROLINA P\u00c9REZ&nbsp; https:\/\/www.adn40.mx\/noticia\/internacional\/notas\/2019-01-28-06-00\/republica-dominicana-el-pais-favorito-de-los-mexicanos SEMBLANZA CAROLINA P\u00c9REZ:&nbsp; Directora de [&hellip;]<\/p>\n","protected":false},"author":1,"featured_media":612,"comment_status":"closed","ping_status":"closed","sticky":false,"template":"","format":"standard","meta":{"footnotes":""},"categories":[7],"tags":[],"class_list":["post-610","post","type-post","status-publish","format-standard","has-post-thumbnail","hentry","category-invitaciones"],"_links":{"self":[{"href":"https:\/\/clubrotariocamposeliseos.org.mx\/index.php\/wp-json\/wp\/v2\/posts\/610","targetHints":{"allow":["GET"]}}],"collection":[{"href":"https:\/\/clubrotariocamposeliseos.org.mx\/index.php\/wp-json\/wp\/v2\/posts"}],"about":[{"href":"https:\/\/clubrotariocamposeliseos.org.mx\/index.php\/wp-json\/wp\/v2\/types\/post"}],"author":[{"embeddable":true,"href":"https:\/\/clubrotariocamposeliseos.org.mx\/index.php\/wp-json\/wp\/v2\/users\/1"}],"replies":[{"embeddable":true,"href":"https:\/\/clubrotariocamposeliseos.org.mx\/index.php\/wp-json\/wp\/v2\/comments?post=610"}],"version-history":[{"count":1,"href":"https:\/\/clubrotariocamposeliseos.org.mx\/index.php\/wp-json\/wp\/v2\/posts\/610\/revisions"}],"predecessor-version":[{"id":613,"href":"https:\/\/clubrotariocamposeliseos.org.mx\/index.php\/wp-json\/wp\/v2\/posts\/610\/revisions\/613"}],"wp:featuredmedia":[{"embeddable":true,"href":"https:\/\/clubrotariocamposeliseos.org.mx\/index.php\/wp-json\/wp\/v2\/media\/612"}],"wp:attachment":[{"href":"https:\/\/clubrotariocamposeliseos.org.mx\/index.php\/wp-json\/wp\/v2\/media?parent=610"}],"wp:term":[{"taxonomy":"category","embeddable":true,"href":"https:\/\/clubrotariocamposeliseos.org.mx\/index.php\/wp-json\/wp\/v2\/categories?post=610"},{"taxonomy":"post_tag","embeddable":true,"href":"https:\/\/clubrotariocamposeliseos.org.mx\/index.php\/wp-json\/wp\/v2\/tags?post=610"}],"curies":[{"name":"wp","href":"https:\/\/api.w.org\/{rel}","templated":true}]}}