{"id":599,"date":"2021-08-02T18:26:22","date_gmt":"2021-08-02T18:26:22","guid":{"rendered":"http:\/\/clubrotariocamposeliseos.org.mx\/?p=599"},"modified":"2021-08-02T18:26:22","modified_gmt":"2021-08-02T18:26:22","slug":"invitacion-a-la-conferencia-el-mexicano-de-buchenwald","status":"publish","type":"post","link":"https:\/\/clubrotariocamposeliseos.org.mx\/index.php\/2021\/08\/invitacion-a-la-conferencia-el-mexicano-de-buchenwald\/","title":{"rendered":"Invitaci\u00f3n a la conferencia: El Mexicano de Buchenwald"},"content":{"rendered":"\n<p>El Club Rotario Campos El\u00edseos junto con la Galer\u00eda Arte Contempor\u00e1neo SMA, tienen al agrado de invitar a usted(es) a la conferencia dictada por Julio God\u00ednez<\/p>\n\n\n\n<figure class=\"wp-block-embed-youtube wp-block-embed is-type-video is-provider-youtube wp-embed-aspect-16-9 wp-has-aspect-ratio\"><div class=\"wp-block-embed__wrapper\">\n<iframe loading=\"lazy\" title=\"3. Invitaci\u00f3n a la conferencia: El Mexicano de Buchenwald\" width=\"500\" height=\"281\" src=\"https:\/\/www.youtube.com\/embed\/Tc-n9iJOHeQ?feature=oembed&#038;wmode=transparent\" frameborder=\"0\" allow=\"accelerometer; autoplay; clipboard-write; encrypted-media; gyroscope; picture-in-picture; web-share\" referrerpolicy=\"strict-origin-when-cross-origin\" allowfullscreen><\/iframe>\n<\/div><\/figure>\n\n\n\n<p>Jueves 05 de agosto de 2021<br>14:30 hs<\/p>\n\n\n\n<p>ZOOM<br>ID de Reuni\u00f3n: 847 5516 5393<br>Contrase\u00f1a: 702558<\/p>\n\n\n\n<figure class=\"wp-block-image size-large\"><img loading=\"lazy\" decoding=\"async\" width=\"791\" height=\"1024\" src=\"http:\/\/clubrotariocamposeliseos.org.mx\/wp-content\/uploads\/2021\/08\/Poster-Rotary-05-08-21-791x1024.jpg\" alt=\"\" class=\"wp-image-600\" srcset=\"https:\/\/clubrotariocamposeliseos.org.mx\/wp-content\/uploads\/2021\/08\/Poster-Rotary-05-08-21-791x1024.jpg 791w, https:\/\/clubrotariocamposeliseos.org.mx\/wp-content\/uploads\/2021\/08\/Poster-Rotary-05-08-21-232x300.jpg 232w, https:\/\/clubrotariocamposeliseos.org.mx\/wp-content\/uploads\/2021\/08\/Poster-Rotary-05-08-21-768x994.jpg 768w, https:\/\/clubrotariocamposeliseos.org.mx\/wp-content\/uploads\/2021\/08\/Poster-Rotary-05-08-21-1187x1536.jpg 1187w, https:\/\/clubrotariocamposeliseos.org.mx\/wp-content\/uploads\/2021\/08\/Poster-Rotary-05-08-21.jpg 1280w\" sizes=\"auto, (max-width: 791px) 100vw, 791px\" \/><\/figure>\n\n\n\n<p>REFERENCIAS ELECTR\u00d3NICAS AL TRABAJO DE JULIO GOD\u00cdNEZ<\/p>\n\n\n\n<p><a href=\"https:\/\/www.planetadelibros.com.mx\/libro-el-mexicano-de-buchenwald\/301585\">https:\/\/www.planetadelibros.com.mx\/libro-el-mexicano-de-buchenwald\/301585<\/a><\/p>\n\n\n\n<figure class=\"wp-block-embed-youtube wp-block-embed is-type-video is-provider-youtube wp-embed-aspect-16-9 wp-has-aspect-ratio\"><div class=\"wp-block-embed__wrapper\">\n<iframe loading=\"lazy\" title=\"&quot;El mexicano de Buchenwald&quot;: Julio God\u00ednez, escritor\" width=\"500\" height=\"281\" src=\"https:\/\/www.youtube.com\/embed\/63iId5qgjsk?feature=oembed&#038;wmode=transparent\" frameborder=\"0\" allow=\"accelerometer; autoplay; clipboard-write; encrypted-media; gyroscope; picture-in-picture; web-share\" referrerpolicy=\"strict-origin-when-cross-origin\" allowfullscreen><\/iframe>\n<\/div><\/figure>\n\n\n\n<figure class=\"wp-block-embed-youtube wp-block-embed is-type-video is-provider-youtube wp-embed-aspect-16-9 wp-has-aspect-ratio\"><div class=\"wp-block-embed__wrapper\">\n<iframe loading=\"lazy\" title=\"JULIO GOD\u00cdNEZ, autor de la novela \u201cEl mexicano de Buchenwald\u201d en El Lavadiario - 27\/07\/2021.\" width=\"500\" height=\"281\" src=\"https:\/\/www.youtube.com\/embed\/0lDUbAbQg4c?feature=oembed&#038;wmode=transparent\" frameborder=\"0\" allow=\"accelerometer; autoplay; clipboard-write; encrypted-media; gyroscope; picture-in-picture; web-share\" referrerpolicy=\"strict-origin-when-cross-origin\" allowfullscreen><\/iframe>\n<\/div><\/figure>\n\n\n\n<figure class=\"wp-block-embed-wordpress wp-block-embed is-type-wp-embed is-provider-latin-us\"><div class=\"wp-block-embed__wrapper\">\nhttps:\/\/latinus.us\/2021\/07\/10\/mexicano-buchenwald-historia-sobreviviente-campos-concentracion-alemanes\/\n<\/div><\/figure>\n\n\n\n<p><a href=\"https:\/\/es-us.noticias.yahoo.com\/mexicano-buchenwald-relato-supervivencia-holocausto-191400045.html\">https:\/\/es-us.noticias.yahoo.com\/mexicano-buchenwald-relato-supervivencia-holocausto-191400045.html<\/a><\/p>\n\n\n\n<p><a href=\"https:\/\/www.excelsior.com.mx\/expresiones\/un-mexicano-en-las-garras-nazis-julio-godinez-presenta-su-primera-novela\/1457680\">https:\/\/www.excelsior.com.mx\/expresiones\/un-mexicano-en-las-garras-nazis-julio-godinez-presenta-su-primera-novela\/1457680<\/a><\/p>\n\n\n\n<p><a href=\"https:\/\/www.latimes.com\/espanol\/mexico\/articulo\/2021-07-10\/el-mexicano-de-buchenwald-un-relato-de-supervivencia-en-el-holocausto-nazi\">https:\/\/www.latimes.com\/espanol\/mexico\/articulo\/2021-07-10\/el-mexicano-de-buchenwald-un-relato-de-supervivencia-en-el-holocausto-nazi<\/a><\/p>\n\n\n\n<figure class=\"wp-block-embed is-type-link is-provider-julio-godinez\"><div class=\"wp-block-embed__wrapper\">\n<blockquote class=\"wp-embedded-content\" data-secret=\"0dWxboKfZW\"><a href=\"https:\/\/juliogodinez.wordpress.com\/biografia\/\">Biograf\u00eda \/ Biography<\/a><\/blockquote><iframe loading=\"lazy\" class=\"wp-embedded-content\" sandbox=\"allow-scripts\" security=\"restricted\" style=\"position: absolute; visibility: hidden;\" title=\"\u00abBiograf\u00eda \/ Biography\u00bb \u2014 Julio God\u00ednez\" src=\"https:\/\/juliogodinez.wordpress.com\/biografia\/embed\/?wmode=transparent#?secret=VPjz61oqpR#?secret=0dWxboKfZW\" data-secret=\"0dWxboKfZW\" width=\"500\" height=\"282\" frameborder=\"0\" marginwidth=\"0\" marginheight=\"0\" scrolling=\"no\"><\/iframe>\n<\/div><\/figure>\n\n\n\n<p><a href=\"https:\/\/play.wradio.com.mx\/audio\/111RD010000000114136\/\">https:\/\/play.wradio.com.mx\/audio\/111RD010000000114136\/<\/a><\/p>\n\n\n\n<p><a href=\"https:\/\/www.univision.com\/temas\/julio-godinez\">https:\/\/www.univision.com\/temas\/julio-godinez<\/a><\/p>\n\n\n\n<p><a href=\"https:\/\/www.sinembargo.mx\/tag\/julio-godinez\">https:\/\/www.sinembargo.mx\/tag\/julio-godinez<\/a><\/p>\n\n\n\n<p>RESE\u00d1A: El mexicano de Buchenwald, Julio God\u00ednez<\/p>\n\n\n\n<p>Weimar, 1944. En pleno coraz\u00f3n de Alemania se alza uno de los campos de concentraci\u00f3n m\u00e1s grandes del r\u00e9gimen nazi, Buchenwald, un lugar ins\u00f3lito que tiene fama no solo de ser uno de los m\u00e1s mortales sino de albergar un enorme zool\u00f3gico atendido por los mismos prisioneros. Cuando Jos\u00e9 Luis Salazar, un experto en armas, es capturado y trasladado hasta ah\u00ed les asegura a sus captores que es mexicano, por lo que le cosen una peque\u00f1a letra \u00abM\u00bb en el uniforme. Sin embargo, para sorpresa de todos, a los pocos d\u00edas llega al campo otro joven, un estudiante de electr\u00f3nica llamado Juan Rodrigo del Fierro, que tambi\u00e9n dice ser mexicano. Esta coincidencia despierta las sospechas de los oficiales nazis, quienes han o\u00eddo un creciente rumor sobre un intercambio de prisioneros entre el gobierno de M\u00e9xico y el alem\u00e1n. Bajo la constante vigilancia de los oficiales, el tiempo corre en contra de \u00ablos mexicanos\u00bb, pues solo uno dice la verdad y el enga\u00f1o puede costarles la vida a ambos, as\u00ed que juntos deciden escapar y se enrolan en el plan de un grupo de reos que organiza un levantamiento dentro del campo. Julio God\u00ednez se basa en una incre\u00edble historia real de supervivencia para traernos una novela sobre el Holocausto como ninguna otra, un caso extraordinario en el que ser mexicano signific\u00f3 la diferencia entre la vida y la muerte. Un potente llamado a la esperanza y la lucha.<\/p>\n\n\n\n<p>SEMBLANZA:<\/p>\n\n\n\n<p>Julio I. God\u00ednez Hern\u00e1ndez (Ciudad de M\u00e9xico, 1980) es un periodista mexicano especializado en temas de actualidad internacional, relaci\u00f3n Am\u00e9rica Latina-Europa, pol\u00edtica, migraci\u00f3n, econom\u00eda, seguridad y ciencia. Ha reporteado en catorce pa\u00edses de cuatro continentes distintos para las revistas Domingo de El Universal, Newsweek en Espa\u00f1ol, Esquire Latinoam\u00e9rica, GQ, Milenio Dominical, el suplemento cultural Laberinto de Milenio Diario y las extintas Milenio Semanal, Poder y Negocios, Quo, Gente y la Actualidad. Es, adem\u00e1s, corresponsal en Bruselas para Excelsior TV y colaborador en espacios radiof\u00f3nicos como Atando Cabos de Denise Maerker.<\/p>\n","protected":false},"excerpt":{"rendered":"<p>El Club Rotario Campos El\u00edseos junto con la Galer\u00eda Arte Contempor\u00e1neo SMA, tienen al agrado de invitar a usted(es) a la conferencia dictada por Julio God\u00ednez Jueves 05 de agosto de 202114:30 hs ZOOMID de Reuni\u00f3n: 847 5516 5393Contrase\u00f1a: 702558 REFERENCIAS ELECTR\u00d3NICAS AL TRABAJO DE JULIO GOD\u00cdNEZ https:\/\/www.planetadelibros.com.mx\/libro-el-mexicano-de-buchenwald\/301585 https:\/\/es-us.noticias.yahoo.com\/mexicano-buchenwald-relato-supervivencia-holocausto-191400045.html https:\/\/www.excelsior.com.mx\/expresiones\/un-mexicano-en-las-garras-nazis-julio-godinez-presenta-su-primera-novela\/1457680 https:\/\/www.latimes.com\/espanol\/mexico\/articulo\/2021-07-10\/el-mexicano-de-buchenwald-un-relato-de-supervivencia-en-el-holocausto-nazi https:\/\/play.wradio.com.mx\/audio\/111RD010000000114136\/ https:\/\/www.univision.com\/temas\/julio-godinez https:\/\/www.sinembargo.mx\/tag\/julio-godinez RESE\u00d1A: [&hellip;]<\/p>\n","protected":false},"author":1,"featured_media":601,"comment_status":"closed","ping_status":"closed","sticky":false,"template":"","format":"standard","meta":{"footnotes":""},"categories":[7],"tags":[],"class_list":["post-599","post","type-post","status-publish","format-standard","has-post-thumbnail","hentry","category-invitaciones"],"_links":{"self":[{"href":"https:\/\/clubrotariocamposeliseos.org.mx\/index.php\/wp-json\/wp\/v2\/posts\/599","targetHints":{"allow":["GET"]}}],"collection":[{"href":"https:\/\/clubrotariocamposeliseos.org.mx\/index.php\/wp-json\/wp\/v2\/posts"}],"about":[{"href":"https:\/\/clubrotariocamposeliseos.org.mx\/index.php\/wp-json\/wp\/v2\/types\/post"}],"author":[{"embeddable":true,"href":"https:\/\/clubrotariocamposeliseos.org.mx\/index.php\/wp-json\/wp\/v2\/users\/1"}],"replies":[{"embeddable":true,"href":"https:\/\/clubrotariocamposeliseos.org.mx\/index.php\/wp-json\/wp\/v2\/comments?post=599"}],"version-history":[{"count":1,"href":"https:\/\/clubrotariocamposeliseos.org.mx\/index.php\/wp-json\/wp\/v2\/posts\/599\/revisions"}],"predecessor-version":[{"id":602,"href":"https:\/\/clubrotariocamposeliseos.org.mx\/index.php\/wp-json\/wp\/v2\/posts\/599\/revisions\/602"}],"wp:featuredmedia":[{"embeddable":true,"href":"https:\/\/clubrotariocamposeliseos.org.mx\/index.php\/wp-json\/wp\/v2\/media\/601"}],"wp:attachment":[{"href":"https:\/\/clubrotariocamposeliseos.org.mx\/index.php\/wp-json\/wp\/v2\/media?parent=599"}],"wp:term":[{"taxonomy":"category","embeddable":true,"href":"https:\/\/clubrotariocamposeliseos.org.mx\/index.php\/wp-json\/wp\/v2\/categories?post=599"},{"taxonomy":"post_tag","embeddable":true,"href":"https:\/\/clubrotariocamposeliseos.org.mx\/index.php\/wp-json\/wp\/v2\/tags?post=599"}],"curies":[{"name":"wp","href":"https:\/\/api.w.org\/{rel}","templated":true}]}}