{"id":550,"date":"2021-04-20T17:39:43","date_gmt":"2021-04-20T17:39:43","guid":{"rendered":"http:\/\/clubrotariocamposeliseos.org.mx\/?p=550"},"modified":"2021-04-20T17:39:44","modified_gmt":"2021-04-20T17:39:44","slug":"invitacion-a-la-conferencia-vestir-las-alegorias-de-jesus-infante","status":"publish","type":"post","link":"https:\/\/clubrotariocamposeliseos.org.mx\/index.php\/2021\/04\/invitacion-a-la-conferencia-vestir-las-alegorias-de-jesus-infante\/","title":{"rendered":"Invitaci\u00f3n a la conferencia: Vestir las Alegor\u00edas de Jes\u00fas Infante"},"content":{"rendered":"\n<p><strong>El Club Rotario Campos El\u00edseos<\/strong>\u00a0junto con la\u00a0<strong>Galer\u00eda Arte Contempor\u00e1neo SMA<\/strong>, tienen al agrado de invitar a usted(es) a la conferencia:<\/p>\n\n\n\n<figure class=\"wp-block-embed-youtube wp-block-embed is-type-video is-provider-youtube wp-embed-aspect-16-9 wp-has-aspect-ratio\"><div class=\"wp-block-embed__wrapper\">\n<iframe loading=\"lazy\" title=\"26. Invitaci\u00f3n a la conferencia: Vestir las Alegor\u00edas de Jes\u00fas Infante\" width=\"500\" height=\"281\" src=\"https:\/\/www.youtube.com\/embed\/yXkjF1kacNU?feature=oembed&#038;wmode=transparent\" frameborder=\"0\" allow=\"accelerometer; autoplay; clipboard-write; encrypted-media; gyroscope; picture-in-picture; web-share\" referrerpolicy=\"strict-origin-when-cross-origin\" allowfullscreen><\/iframe>\n<\/div><\/figure>\n\n\n\n<p><strong>Dictada por:\u00a0<\/strong><br><strong>Dra. Judith Katia Perdig\u00f3n Casta\u00f1eda<\/strong>\u00a0<\/p>\n\n\n\n<p>Jueves 22 de abril de 2021\u00a0<br>14:00 hs\u00a0<\/p>\n\n\n\n<p>ZOOM\u00a0<br>ID de Reuni\u00f3n: 835 6813 5695\u00a0<br>Contrase\u00f1a:794956\u00a0<\/p>\n\n\n\n<p><a href=\"https:\/\/us02web.zoom.us\/j\/83568135695?pwd=b3ppRUZwNm5TbmpRZ2J5TjhLVVVldz09\">https:\/\/us02web.zoom.us\/j\/83568135695?pwd=b3ppRUZwNm5TbmpRZ2J5TjhLVVVldz09<\/a><\/p>\n\n\n\n<figure class=\"wp-block-image size-large\"><img loading=\"lazy\" decoding=\"async\" width=\"791\" height=\"1024\" src=\"http:\/\/clubrotariocamposeliseos.org.mx\/wp-content\/uploads\/2021\/04\/Poster-Rotary-22-04-2021-791x1024.jpg\" alt=\"\" class=\"wp-image-551\" srcset=\"https:\/\/clubrotariocamposeliseos.org.mx\/wp-content\/uploads\/2021\/04\/Poster-Rotary-22-04-2021-791x1024.jpg 791w, https:\/\/clubrotariocamposeliseos.org.mx\/wp-content\/uploads\/2021\/04\/Poster-Rotary-22-04-2021-232x300.jpg 232w, https:\/\/clubrotariocamposeliseos.org.mx\/wp-content\/uploads\/2021\/04\/Poster-Rotary-22-04-2021-768x994.jpg 768w, https:\/\/clubrotariocamposeliseos.org.mx\/wp-content\/uploads\/2021\/04\/Poster-Rotary-22-04-2021-1187x1536.jpg 1187w, https:\/\/clubrotariocamposeliseos.org.mx\/wp-content\/uploads\/2021\/04\/Poster-Rotary-22-04-2021.jpg 1280w\" sizes=\"auto, (max-width: 791px) 100vw, 791px\" \/><\/figure>\n\n\n\n<p>REFERENCIAS ELECTR\u00d3NICAS A LA TRAYECTORIA PROFESIONAL DE LA DRA. JUDITH KATIA PERDIG\u00d3N CASTA\u00d1EDA:&nbsp;<\/p>\n\n\n\n<figure class=\"wp-block-embed-youtube wp-block-embed is-type-video is-provider-youtube wp-embed-aspect-16-9 wp-has-aspect-ratio\"><div class=\"wp-block-embed__wrapper\">\n<iframe loading=\"lazy\" title=\"Publican Mi Ni\u00f1o Dios, un acercamiento a su celebraci\u00f3n en el d\u00eda de la Candelaria\" width=\"500\" height=\"281\" src=\"https:\/\/www.youtube.com\/embed\/WJZtX2hV84g?feature=oembed&#038;wmode=transparent\" frameborder=\"0\" allow=\"accelerometer; autoplay; clipboard-write; encrypted-media; gyroscope; picture-in-picture; web-share\" referrerpolicy=\"strict-origin-when-cross-origin\" allowfullscreen><\/iframe>\n<\/div><\/figure>\n\n\n\n<figure class=\"wp-block-embed-youtube wp-block-embed is-type-video is-provider-youtube wp-embed-aspect-16-9 wp-has-aspect-ratio\"><div class=\"wp-block-embed__wrapper\">\n<iframe loading=\"lazy\" title=\"Katia Perdig\u00f3n: El Ni\u00f1o de la Candelaria\" width=\"500\" height=\"281\" src=\"https:\/\/www.youtube.com\/embed\/HuPpZuMdLOk?feature=oembed&#038;wmode=transparent\" frameborder=\"0\" allow=\"accelerometer; autoplay; clipboard-write; encrypted-media; gyroscope; picture-in-picture; web-share\" referrerpolicy=\"strict-origin-when-cross-origin\" allowfullscreen><\/iframe>\n<\/div><\/figure>\n\n\n\n<figure class=\"wp-block-embed-youtube wp-block-embed is-type-video is-provider-youtube wp-embed-aspect-16-9 wp-has-aspect-ratio\"><div class=\"wp-block-embed__wrapper\">\n<iframe loading=\"lazy\" title=\"2EScultura 2. &quot;Nuestra Se\u00f1ora de las Aguas...&quot; Por Hilda Calzada, Judith Katia Perdig\u00f3n...\" width=\"500\" height=\"281\" src=\"https:\/\/www.youtube.com\/embed\/l2kUOF_Un4c?feature=oembed&#038;wmode=transparent\" frameborder=\"0\" allow=\"accelerometer; autoplay; clipboard-write; encrypted-media; gyroscope; picture-in-picture; web-share\" referrerpolicy=\"strict-origin-when-cross-origin\" allowfullscreen><\/iframe>\n<\/div><\/figure>\n\n\n\n<figure class=\"wp-block-embed-youtube wp-block-embed is-type-video is-provider-youtube wp-embed-aspect-16-9 wp-has-aspect-ratio\"><div class=\"wp-block-embed__wrapper\">\n<iframe loading=\"lazy\" title=\"La Prodigiosa Imagen de Nuestra Se\u00f1ora de las Aguas\" width=\"500\" height=\"281\" src=\"https:\/\/www.youtube.com\/embed\/_Z0zAwTQlM8?feature=oembed&#038;wmode=transparent\" frameborder=\"0\" allow=\"accelerometer; autoplay; clipboard-write; encrypted-media; gyroscope; picture-in-picture; web-share\" referrerpolicy=\"strict-origin-when-cross-origin\" allowfullscreen><\/iframe>\n<\/div><\/figure>\n\n\n\n<figure class=\"wp-block-embed-youtube wp-block-embed is-type-video is-provider-youtube wp-embed-aspect-16-9 wp-has-aspect-ratio\"><div class=\"wp-block-embed__wrapper\">\n<iframe loading=\"lazy\" title=\"Vivir la epidemia en el real monasterio de Jes\u00fas Mar\u00eda en la Ciudad de M\u00e9xico\" width=\"500\" height=\"281\" src=\"https:\/\/www.youtube.com\/embed\/WNxP59gKibc?feature=oembed&#038;wmode=transparent\" frameborder=\"0\" allow=\"accelerometer; autoplay; clipboard-write; encrypted-media; gyroscope; picture-in-picture; web-share\" referrerpolicy=\"strict-origin-when-cross-origin\" allowfullscreen><\/iframe>\n<\/div><\/figure>\n\n\n\n<figure class=\"wp-block-embed-youtube wp-block-embed is-type-video is-provider-youtube wp-embed-aspect-16-9 wp-has-aspect-ratio\"><div class=\"wp-block-embed__wrapper\">\n<iframe loading=\"lazy\" title=\"17\/17 Un acercamiento a los usos, costumbres e historias de la escultura del Triunfo de la Muerte...\" width=\"500\" height=\"281\" src=\"https:\/\/www.youtube.com\/embed\/gCErE4ywmLY?feature=oembed&#038;wmode=transparent\" frameborder=\"0\" allow=\"accelerometer; autoplay; clipboard-write; encrypted-media; gyroscope; picture-in-picture; web-share\" referrerpolicy=\"strict-origin-when-cross-origin\" allowfullscreen><\/iframe>\n<\/div><\/figure>\n\n\n\n<figure class=\"wp-block-embed\"><div class=\"wp-block-embed__wrapper\">\nhttp:\/\/www.scielo.org.mx\/pdf\/liminar\/v6n1\/v6n1a5.pdf\n<\/div><\/figure>\n\n\n\n<figure class=\"wp-block-embed is-type-link is-provider-bitacora-cultural\"><div class=\"wp-block-embed__wrapper\">\n<blockquote class=\"wp-embedded-content\" data-secret=\"eAHTgYia54\"><a href=\"https:\/\/bitacoraculturalblog.wordpress.com\/2019\/03\/21\/recupera-inah-historia-y-esplendor-de-nuestra-senora-de-las-aguas-imagen-milagrosa-del-antiguo-convento-de-jesus-maria\/\">Recupera INAH historia y esplendor de Nuestra Se\u00f1ora de las Aguas, imagen \u201cmilagrosa\u201d del antiguo convento de Jes\u00fas&nbsp;Mar\u00eda<\/a><\/blockquote><iframe loading=\"lazy\" class=\"wp-embedded-content\" sandbox=\"allow-scripts\" security=\"restricted\" style=\"position: absolute; visibility: hidden;\" title=\"\u00abRecupera INAH historia y esplendor de Nuestra Se\u00f1ora de las Aguas, imagen \u201cmilagrosa\u201d del antiguo convento de Jes\u00fas&nbsp;Mar\u00eda\u00bb \u2014 Bit\u00e1cora cultural\" src=\"https:\/\/bitacoraculturalblog.wordpress.com\/2019\/03\/21\/recupera-inah-historia-y-esplendor-de-nuestra-senora-de-las-aguas-imagen-milagrosa-del-antiguo-convento-de-jesus-maria\/embed\/?wmode=transparent#?secret=UQ6zl2U0e8#?secret=eAHTgYia54\" data-secret=\"eAHTgYia54\" width=\"500\" height=\"282\" frameborder=\"0\" marginwidth=\"0\" marginheight=\"0\" scrolling=\"no\"><\/iframe>\n<\/div><\/figure>\n\n\n\n<figure class=\"wp-block-embed\"><div class=\"wp-block-embed__wrapper\">\nhttps:\/\/conservacion.inah.gob.mx\/publicaciones\/wp-content\/uploads\/2015\/10\/CorreoRest9_Art4.pdf\n<\/div><\/figure>\n\n\n\n<figure class=\"wp-block-embed\"><div class=\"wp-block-embed__wrapper\">\nhttps:\/\/conservacion.inah.gob.mx\/publicaciones\/wp-content\/uploads\/2015\/09\/CorreoRest1_Art8.pdf\n<\/div><\/figure>\n\n\n\n<figure class=\"wp-block-embed-wordpress wp-block-embed is-type-wp-embed is-provider-la-jornada-de-oriente\"><div class=\"wp-block-embed__wrapper\">\n<blockquote class=\"wp-embedded-content\" data-secret=\"AKxXdK2wCB\"><a href=\"https:\/\/www.lajornadadeoriente.com.mx\/puebla\/katia-perdigon-exploro-uno-de-los-aspectos-de-la-identidad-la-devocion-popular\/\">Katia Perdig\u00f3n explor\u00f3 uno de los aspectos de la identidad: la devoci\u00f3n popular<\/a><\/blockquote><iframe loading=\"lazy\" class=\"wp-embedded-content\" sandbox=\"allow-scripts\" security=\"restricted\" style=\"position: absolute; visibility: hidden;\" title=\"&#8220;Katia Perdig\u00f3n explor\u00f3 uno de los aspectos de la identidad: la devoci\u00f3n popular&#8221; &#8212; La Jornada de Oriente\" src=\"https:\/\/www.lajornadadeoriente.com.mx\/puebla\/katia-perdigon-exploro-uno-de-los-aspectos-de-la-identidad-la-devocion-popular\/embed\/?wmode=transparent#?secret=LFlDcCcURK#?secret=AKxXdK2wCB\" data-secret=\"AKxXdK2wCB\" width=\"500\" height=\"282\" frameborder=\"0\" marginwidth=\"0\" marginheight=\"0\" scrolling=\"no\"><\/iframe>\n<\/div><\/figure>\n\n\n\n<p>SEMBLANZA DE LA DRA. JUDITH KATIA PERDIG\u00d3N CASTA\u00d1EDA&nbsp;<\/p>\n\n\n\n<p>Licenciada en Restauraci\u00f3n de Bienes Muebles, por la ENCRYM. Maestra y Doctora en Antropolog\u00eda Social por la ENAH. Labora en la Coordinaci\u00f3n Nacional de Conservaci\u00f3n del Patrimonio Cultural desde 1993 hasta la actualidad, adscrita actualmente al taller de escultura policromada. Ha trabajado obra de museos, zonas arqueol\u00f3gicas, comunidades y servicios a terceros. Se desarrolla en los campos de investigaci\u00f3n, conservaci\u00f3n, restauraci\u00f3n, diagn\u00f3stico, asesor\u00eda y apoyo en las \u00e1reas de: museos y exposiciones, zonas arqueol\u00f3gicas, organismos gubernamentales y comunidades. Ha participado en congresos, simposios y publicaciones nacionales e internacionales en las \u00e1reas de la antropolog\u00eda, historia y conservaci\u00f3n. Profesora del curso obligatorio de conservaci\u00f3n y restauraci\u00f3n en la licenciatura de Arqueolog\u00eda de la ENAH. Profesor en el Posgrado de Ciencias Antropol\u00f3gicas-ENAH. Nivel 1 del Sistema Nacional de Investigadores. Miembro CLACSO (El Consejo Latinoamericano de Ciencias Sociales) Colaboradora de: la Revista Cuicuilco, de la Revista de El Colegio de San Luis, Revista de Ciencias Sociales y Humanidades de la Universidad Aut\u00f3noma de Ciudad Ju\u00e1rez. &nbsp;<\/p>\n\n\n\n<p>Algunas publicaciones:&nbsp;<\/p>\n\n\n\n<p>\u2022&nbsp;&nbsp;&nbsp;&nbsp;&nbsp;&nbsp;&nbsp; La Santa Muerte Protectora de los Hombres, INAH, 2008.&nbsp;<\/p>\n\n\n\n<p>Compiladora a la vez que participante de los libros:&nbsp;<\/p>\n\n\n\n<p>\u2022&nbsp;&nbsp;&nbsp;&nbsp;&nbsp;&nbsp;&nbsp; La conservaci\u00f3n de los Textiles en el INAH tomo I y tomo II, INAH en el 2005 y 2008&nbsp;<\/p>\n\n\n\n<p>\u2022&nbsp;&nbsp;&nbsp;&nbsp;&nbsp;&nbsp;&nbsp; La conservaci\u00f3n de las Coronas de Monjas del Museo de Arte Religioso Ex Convento de Santa M\u00f3nica, Puebla, INAH, M\u00e9xico, 2011.&nbsp;<\/p>\n\n\n\n<p>\u2022&nbsp;&nbsp;&nbsp;&nbsp;&nbsp;&nbsp;&nbsp; Mi Ni\u00f1o Dios, Un acercamiento al concepto, historia, significado y celebraci\u00f3n del Ni\u00f1o Jes\u00fas para el D\u00eda de la Candelaria, INAH, 2015.&nbsp;<\/p>\n\n\n\n<p>\u2022&nbsp;&nbsp;&nbsp;&nbsp;&nbsp;&nbsp;&nbsp; Los ni\u00f1os de san Bernardo. Exploraci\u00f3n interdisciplinaria en torno a la conservaci\u00f3n de la escultura policromada (en proceso de edici\u00f3n) INAH. &nbsp;<\/p>\n","protected":false},"excerpt":{"rendered":"<p>El Club Rotario Campos El\u00edseos\u00a0junto con la\u00a0Galer\u00eda Arte Contempor\u00e1neo SMA, tienen al agrado de invitar a usted(es) a la conferencia: Dictada por:\u00a0Dra. Judith Katia Perdig\u00f3n Casta\u00f1eda\u00a0 Jueves 22 de abril de 2021\u00a014:00 hs\u00a0 ZOOM\u00a0ID de Reuni\u00f3n: 835 6813 5695\u00a0Contrase\u00f1a:794956\u00a0 https:\/\/us02web.zoom.us\/j\/83568135695?pwd=b3ppRUZwNm5TbmpRZ2J5TjhLVVVldz09 REFERENCIAS ELECTR\u00d3NICAS A LA TRAYECTORIA PROFESIONAL DE LA DRA. JUDITH KATIA PERDIG\u00d3N CASTA\u00d1EDA:&nbsp; SEMBLANZA DE [&hellip;]<\/p>\n","protected":false},"author":1,"featured_media":552,"comment_status":"closed","ping_status":"closed","sticky":false,"template":"","format":"standard","meta":{"footnotes":""},"categories":[7],"tags":[],"class_list":["post-550","post","type-post","status-publish","format-standard","has-post-thumbnail","hentry","category-invitaciones"],"_links":{"self":[{"href":"https:\/\/clubrotariocamposeliseos.org.mx\/index.php\/wp-json\/wp\/v2\/posts\/550","targetHints":{"allow":["GET"]}}],"collection":[{"href":"https:\/\/clubrotariocamposeliseos.org.mx\/index.php\/wp-json\/wp\/v2\/posts"}],"about":[{"href":"https:\/\/clubrotariocamposeliseos.org.mx\/index.php\/wp-json\/wp\/v2\/types\/post"}],"author":[{"embeddable":true,"href":"https:\/\/clubrotariocamposeliseos.org.mx\/index.php\/wp-json\/wp\/v2\/users\/1"}],"replies":[{"embeddable":true,"href":"https:\/\/clubrotariocamposeliseos.org.mx\/index.php\/wp-json\/wp\/v2\/comments?post=550"}],"version-history":[{"count":1,"href":"https:\/\/clubrotariocamposeliseos.org.mx\/index.php\/wp-json\/wp\/v2\/posts\/550\/revisions"}],"predecessor-version":[{"id":553,"href":"https:\/\/clubrotariocamposeliseos.org.mx\/index.php\/wp-json\/wp\/v2\/posts\/550\/revisions\/553"}],"wp:featuredmedia":[{"embeddable":true,"href":"https:\/\/clubrotariocamposeliseos.org.mx\/index.php\/wp-json\/wp\/v2\/media\/552"}],"wp:attachment":[{"href":"https:\/\/clubrotariocamposeliseos.org.mx\/index.php\/wp-json\/wp\/v2\/media?parent=550"}],"wp:term":[{"taxonomy":"category","embeddable":true,"href":"https:\/\/clubrotariocamposeliseos.org.mx\/index.php\/wp-json\/wp\/v2\/categories?post=550"},{"taxonomy":"post_tag","embeddable":true,"href":"https:\/\/clubrotariocamposeliseos.org.mx\/index.php\/wp-json\/wp\/v2\/tags?post=550"}],"curies":[{"name":"wp","href":"https:\/\/api.w.org\/{rel}","templated":true}]}}